{"id":298,"date":"2018-03-14T16:31:19","date_gmt":"2018-03-14T16:31:19","guid":{"rendered":"http:\/\/iusjh.fi\/sv\/?p=298"},"modified":"2019-02-04T19:34:53","modified_gmt":"2019-02-04T19:34:53","slug":"varens-granskningsdagar","status":"publish","type":"post","link":"https:\/\/iusjh.fi\/sv\/varens-granskningsdagar\/","title":{"rendered":"V\u00e5rens granskningsdagar"},"content":{"rendered":"<p>Granskningsdagar:<\/p>\n<ul>\n<li>kolla p\u00e5 v\u00e5ra finska sidor dagarna<\/li>\n<\/ul>\n<p>Kom och granska din handbrandsl\u00e4ckare eller k\u00f6pa dig en ny.<\/p>\n","protected":false},"excerpt":{"rendered":"<p>Granskningsdagar: kolla p\u00e5 v\u00e5ra finska sidor dagarna Kom och granska din handbrandsl\u00e4ckare eller k\u00f6pa dig en ny.<\/p>\n","protected":false},"author":4,"featured_media":0,"comment_status":"open","ping_status":"closed","sticky":false,"template":"","format":"standard","meta":{"_acf_changed":false,"footnotes":""},"categories":[2],"tags":[],"class_list":["post-298","post","type-post","status-publish","format-standard","hentry","category-okategoriserad"],"acf":[],"yoast_head":"<!-- This site is optimized with the Yoast SEO plugin v27.4 - https:\/\/yoast.com\/product\/yoast-seo-wordpress\/ -->\n<title>V\u00e5rens granskningsdagar | Borg\u00e5 Brandsl\u00e4ckarservice<\/title>\n<meta name=\"robots\" content=\"index, follow, max-snippet:-1, max-image-preview:large, max-video-preview:-1\" \/>\n<link rel=\"canonical\" href=\"https:\/\/iusjh.fi\/sv\/varens-granskningsdagar\/\" \/>\n<meta property=\"og:locale\" content=\"sv_SE\" \/>\n<meta property=\"og:type\" content=\"article\" \/>\n<meta property=\"og:title\" content=\"V\u00e5rens granskningsdagar | Borg\u00e5 Brandsl\u00e4ckarservice\" \/>\n<meta property=\"og:description\" content=\"Granskningsdagar: kolla p\u00e5 v\u00e5ra finska sidor dagarna Kom och granska din handbrandsl\u00e4ckare eller k\u00f6pa dig en ny.\" \/>\n<meta property=\"og:url\" content=\"https:\/\/iusjh.fi\/sv\/varens-granskningsdagar\/\" \/>\n<meta property=\"og:site_name\" content=\"Borg\u00e5 Brandsl\u00e4ckarservice\" \/>\n<meta property=\"article:publisher\" content=\"https:\/\/www.facebook.com\/iuptfi\" \/>\n<meta property=\"article:published_time\" content=\"2018-03-14T16:31:19+00:00\" \/>\n<meta property=\"article:modified_time\" content=\"2019-02-04T19:34:53+00:00\" \/>\n<meta property=\"og:image\" content=\"https:\/\/iusjh.fi\/wp-content\/uploads\/2020\/09\/sammutinkoulutus_1200x630px_fb.jpg\" \/>\n\t<meta property=\"og:image:width\" content=\"1200\" \/>\n\t<meta property=\"og:image:height\" content=\"630\" \/>\n\t<meta property=\"og:image:type\" content=\"image\/jpeg\" \/>\n<meta name=\"author\" content=\"dvuseriusjh\" \/>\n<meta name=\"twitter:card\" content=\"summary_large_image\" \/>\n<meta name=\"twitter:label1\" content=\"Skriven av\" \/>\n\t<meta name=\"twitter:data1\" content=\"dvuseriusjh\" \/>\n<script type=\"application\/ld+json\" class=\"yoast-schema-graph\">{\"@context\":\"https:\\\/\\\/schema.org\",\"@graph\":[{\"@type\":\"Article\",\"@id\":\"https:\\\/\\\/iusjh.fi\\\/sv\\\/varens-granskningsdagar\\\/#article\",\"isPartOf\":{\"@id\":\"https:\\\/\\\/iusjh.fi\\\/sv\\\/varens-granskningsdagar\\\/\"},\"author\":{\"name\":\"dvuseriusjh\",\"@id\":\"https:\\\/\\\/iusjh.fi\\\/#\\\/schema\\\/person\\\/f2cb52c485e6cefd30c6351707eaecb1\"},\"headline\":\"V\u00e5rens granskningsdagar\",\"datePublished\":\"2018-03-14T16:31:19+00:00\",\"dateModified\":\"2019-02-04T19:34:53+00:00\",\"mainEntityOfPage\":{\"@id\":\"https:\\\/\\\/iusjh.fi\\\/sv\\\/varens-granskningsdagar\\\/\"},\"wordCount\":23,\"commentCount\":0,\"publisher\":{\"@id\":\"https:\\\/\\\/iusjh.fi\\\/#organization\"},\"articleSection\":[\"Okategoriserad\"],\"inLanguage\":\"sv-SE\",\"potentialAction\":[{\"@type\":\"CommentAction\",\"name\":\"Comment\",\"target\":[\"https:\\\/\\\/iusjh.fi\\\/sv\\\/varens-granskningsdagar\\\/#respond\"]}]},{\"@type\":\"WebPage\",\"@id\":\"https:\\\/\\\/iusjh.fi\\\/sv\\\/varens-granskningsdagar\\\/\",\"url\":\"https:\\\/\\\/iusjh.fi\\\/sv\\\/varens-granskningsdagar\\\/\",\"name\":\"V\u00e5rens granskningsdagar | Borg\u00e5 Brandsl\u00e4ckarservice\",\"isPartOf\":{\"@id\":\"https:\\\/\\\/iusjh.fi\\\/#website\"},\"datePublished\":\"2018-03-14T16:31:19+00:00\",\"dateModified\":\"2019-02-04T19:34:53+00:00\",\"breadcrumb\":{\"@id\":\"https:\\\/\\\/iusjh.fi\\\/sv\\\/varens-granskningsdagar\\\/#breadcrumb\"},\"inLanguage\":\"sv-SE\",\"potentialAction\":[{\"@type\":\"ReadAction\",\"target\":[\"https:\\\/\\\/iusjh.fi\\\/sv\\\/varens-granskningsdagar\\\/\"]}]},{\"@type\":\"BreadcrumbList\",\"@id\":\"https:\\\/\\\/iusjh.fi\\\/sv\\\/varens-granskningsdagar\\\/#breadcrumb\",\"itemListElement\":[{\"@type\":\"ListItem\",\"position\":1,\"name\":\"Home\",\"item\":\"https:\\\/\\\/iusjh.fi\\\/sv\\\/\"},{\"@type\":\"ListItem\",\"position\":2,\"name\":\"V\u00e5rens granskningsdagar\"}]},{\"@type\":\"WebSite\",\"@id\":\"https:\\\/\\\/iusjh.fi\\\/#website\",\"url\":\"https:\\\/\\\/iusjh.fi\\\/\",\"name\":\"Porvoon sammutinhuolto ja paloturvallisuus\",\"description\":\"\",\"publisher\":{\"@id\":\"https:\\\/\\\/iusjh.fi\\\/#organization\"},\"potentialAction\":[{\"@type\":\"SearchAction\",\"target\":{\"@type\":\"EntryPoint\",\"urlTemplate\":\"https:\\\/\\\/iusjh.fi\\\/?s={search_term_string}\"},\"query-input\":{\"@type\":\"PropertyValueSpecification\",\"valueRequired\":true,\"valueName\":\"search_term_string\"}}],\"inLanguage\":\"sv-SE\"},{\"@type\":\"Organization\",\"@id\":\"https:\\\/\\\/iusjh.fi\\\/#organization\",\"name\":\"It\u00e4-Uudenmaan Sammutin- ja Huoltoliike\",\"alternateName\":\"IUSJH\",\"url\":\"https:\\\/\\\/iusjh.fi\\\/\",\"logo\":{\"@type\":\"ImageObject\",\"inLanguage\":\"sv-SE\",\"@id\":\"https:\\\/\\\/iusjh.fi\\\/#\\\/schema\\\/logo\\\/image\\\/\",\"url\":\"https:\\\/\\\/iusjh.fi\\\/wp-content\\\/uploads\\\/2018\\\/11\\\/iusjh_512x512px_ico.png\",\"contentUrl\":\"https:\\\/\\\/iusjh.fi\\\/wp-content\\\/uploads\\\/2018\\\/11\\\/iusjh_512x512px_ico.png\",\"width\":512,\"height\":512,\"caption\":\"It\u00e4-Uudenmaan Sammutin- ja Huoltoliike\"},\"image\":{\"@id\":\"https:\\\/\\\/iusjh.fi\\\/#\\\/schema\\\/logo\\\/image\\\/\"},\"sameAs\":[\"https:\\\/\\\/www.facebook.com\\\/iuptfi\"]},{\"@type\":\"Person\",\"@id\":\"https:\\\/\\\/iusjh.fi\\\/#\\\/schema\\\/person\\\/f2cb52c485e6cefd30c6351707eaecb1\",\"name\":\"dvuseriusjh\",\"image\":{\"@type\":\"ImageObject\",\"inLanguage\":\"sv-SE\",\"@id\":\"https:\\\/\\\/secure.gravatar.com\\\/avatar\\\/f33791f939ceab6aab6cd21788d19a912e3fe3e6b50660d9d2e0e83d2216b30d?s=96&d=mm&r=g\",\"url\":\"https:\\\/\\\/secure.gravatar.com\\\/avatar\\\/f33791f939ceab6aab6cd21788d19a912e3fe3e6b50660d9d2e0e83d2216b30d?s=96&d=mm&r=g\",\"contentUrl\":\"https:\\\/\\\/secure.gravatar.com\\\/avatar\\\/f33791f939ceab6aab6cd21788d19a912e3fe3e6b50660d9d2e0e83d2216b30d?s=96&d=mm&r=g\",\"caption\":\"dvuseriusjh\"}}]}<\/script>\n<!-- \/ Yoast SEO plugin. -->","yoast_head_json":{"title":"V\u00e5rens granskningsdagar | Borg\u00e5 Brandsl\u00e4ckarservice","robots":{"index":"index","follow":"follow","max-snippet":"max-snippet:-1","max-image-preview":"max-image-preview:large","max-video-preview":"max-video-preview:-1"},"canonical":"https:\/\/iusjh.fi\/sv\/varens-granskningsdagar\/","og_locale":"sv_SE","og_type":"article","og_title":"V\u00e5rens granskningsdagar | Borg\u00e5 Brandsl\u00e4ckarservice","og_description":"Granskningsdagar: kolla p\u00e5 v\u00e5ra finska sidor dagarna Kom och granska din handbrandsl\u00e4ckare eller k\u00f6pa dig en ny.","og_url":"https:\/\/iusjh.fi\/sv\/varens-granskningsdagar\/","og_site_name":"Borg\u00e5 Brandsl\u00e4ckarservice","article_publisher":"https:\/\/www.facebook.com\/iuptfi","article_published_time":"2018-03-14T16:31:19+00:00","article_modified_time":"2019-02-04T19:34:53+00:00","og_image":[{"width":1200,"height":630,"url":"https:\/\/iusjh.fi\/wp-content\/uploads\/2020\/09\/sammutinkoulutus_1200x630px_fb.jpg","type":"image\/jpeg"}],"author":"dvuseriusjh","twitter_card":"summary_large_image","twitter_misc":{"Skriven av":"dvuseriusjh"},"schema":{"@context":"https:\/\/schema.org","@graph":[{"@type":"Article","@id":"https:\/\/iusjh.fi\/sv\/varens-granskningsdagar\/#article","isPartOf":{"@id":"https:\/\/iusjh.fi\/sv\/varens-granskningsdagar\/"},"author":{"name":"dvuseriusjh","@id":"https:\/\/iusjh.fi\/#\/schema\/person\/f2cb52c485e6cefd30c6351707eaecb1"},"headline":"V\u00e5rens granskningsdagar","datePublished":"2018-03-14T16:31:19+00:00","dateModified":"2019-02-04T19:34:53+00:00","mainEntityOfPage":{"@id":"https:\/\/iusjh.fi\/sv\/varens-granskningsdagar\/"},"wordCount":23,"commentCount":0,"publisher":{"@id":"https:\/\/iusjh.fi\/#organization"},"articleSection":["Okategoriserad"],"inLanguage":"sv-SE","potentialAction":[{"@type":"CommentAction","name":"Comment","target":["https:\/\/iusjh.fi\/sv\/varens-granskningsdagar\/#respond"]}]},{"@type":"WebPage","@id":"https:\/\/iusjh.fi\/sv\/varens-granskningsdagar\/","url":"https:\/\/iusjh.fi\/sv\/varens-granskningsdagar\/","name":"V\u00e5rens granskningsdagar | Borg\u00e5 Brandsl\u00e4ckarservice","isPartOf":{"@id":"https:\/\/iusjh.fi\/#website"},"datePublished":"2018-03-14T16:31:19+00:00","dateModified":"2019-02-04T19:34:53+00:00","breadcrumb":{"@id":"https:\/\/iusjh.fi\/sv\/varens-granskningsdagar\/#breadcrumb"},"inLanguage":"sv-SE","potentialAction":[{"@type":"ReadAction","target":["https:\/\/iusjh.fi\/sv\/varens-granskningsdagar\/"]}]},{"@type":"BreadcrumbList","@id":"https:\/\/iusjh.fi\/sv\/varens-granskningsdagar\/#breadcrumb","itemListElement":[{"@type":"ListItem","position":1,"name":"Home","item":"https:\/\/iusjh.fi\/sv\/"},{"@type":"ListItem","position":2,"name":"V\u00e5rens granskningsdagar"}]},{"@type":"WebSite","@id":"https:\/\/iusjh.fi\/#website","url":"https:\/\/iusjh.fi\/","name":"Porvoon sammutinhuolto ja paloturvallisuus","description":"","publisher":{"@id":"https:\/\/iusjh.fi\/#organization"},"potentialAction":[{"@type":"SearchAction","target":{"@type":"EntryPoint","urlTemplate":"https:\/\/iusjh.fi\/?s={search_term_string}"},"query-input":{"@type":"PropertyValueSpecification","valueRequired":true,"valueName":"search_term_string"}}],"inLanguage":"sv-SE"},{"@type":"Organization","@id":"https:\/\/iusjh.fi\/#organization","name":"It\u00e4-Uudenmaan Sammutin- ja Huoltoliike","alternateName":"IUSJH","url":"https:\/\/iusjh.fi\/","logo":{"@type":"ImageObject","inLanguage":"sv-SE","@id":"https:\/\/iusjh.fi\/#\/schema\/logo\/image\/","url":"https:\/\/iusjh.fi\/wp-content\/uploads\/2018\/11\/iusjh_512x512px_ico.png","contentUrl":"https:\/\/iusjh.fi\/wp-content\/uploads\/2018\/11\/iusjh_512x512px_ico.png","width":512,"height":512,"caption":"It\u00e4-Uudenmaan Sammutin- ja Huoltoliike"},"image":{"@id":"https:\/\/iusjh.fi\/#\/schema\/logo\/image\/"},"sameAs":["https:\/\/www.facebook.com\/iuptfi"]},{"@type":"Person","@id":"https:\/\/iusjh.fi\/#\/schema\/person\/f2cb52c485e6cefd30c6351707eaecb1","name":"dvuseriusjh","image":{"@type":"ImageObject","inLanguage":"sv-SE","@id":"https:\/\/secure.gravatar.com\/avatar\/f33791f939ceab6aab6cd21788d19a912e3fe3e6b50660d9d2e0e83d2216b30d?s=96&d=mm&r=g","url":"https:\/\/secure.gravatar.com\/avatar\/f33791f939ceab6aab6cd21788d19a912e3fe3e6b50660d9d2e0e83d2216b30d?s=96&d=mm&r=g","contentUrl":"https:\/\/secure.gravatar.com\/avatar\/f33791f939ceab6aab6cd21788d19a912e3fe3e6b50660d9d2e0e83d2216b30d?s=96&d=mm&r=g","caption":"dvuseriusjh"}}]}},"_links":{"self":[{"href":"https:\/\/iusjh.fi\/sv\/wp-json\/wp\/v2\/posts\/298","targetHints":{"allow":["GET"]}}],"collection":[{"href":"https:\/\/iusjh.fi\/sv\/wp-json\/wp\/v2\/posts"}],"about":[{"href":"https:\/\/iusjh.fi\/sv\/wp-json\/wp\/v2\/types\/post"}],"author":[{"embeddable":true,"href":"https:\/\/iusjh.fi\/sv\/wp-json\/wp\/v2\/users\/4"}],"replies":[{"embeddable":true,"href":"https:\/\/iusjh.fi\/sv\/wp-json\/wp\/v2\/comments?post=298"}],"version-history":[{"count":2,"href":"https:\/\/iusjh.fi\/sv\/wp-json\/wp\/v2\/posts\/298\/revisions"}],"predecessor-version":[{"id":723,"href":"https:\/\/iusjh.fi\/sv\/wp-json\/wp\/v2\/posts\/298\/revisions\/723"}],"wp:attachment":[{"href":"https:\/\/iusjh.fi\/sv\/wp-json\/wp\/v2\/media?parent=298"}],"wp:term":[{"taxonomy":"category","embeddable":true,"href":"https:\/\/iusjh.fi\/sv\/wp-json\/wp\/v2\/categories?post=298"},{"taxonomy":"post_tag","embeddable":true,"href":"https:\/\/iusjh.fi\/sv\/wp-json\/wp\/v2\/tags?post=298"}],"curies":[{"name":"wp","href":"https:\/\/api.w.org\/{rel}","templated":true}]}}